{"id":20,"date":"2015-04-15T09:10:36","date_gmt":"2015-04-15T09:10:36","guid":{"rendered":"http:\/\/www.adventistvalcea.ro\/?p=20"},"modified":"2015-04-24T09:50:28","modified_gmt":"2015-04-24T09:50:28","slug":"program-aprilie","status":"publish","type":"post","link":"https:\/\/www.adventistvalcea.ro\/?p=20","title":{"rendered":"Program aprilie"},"content":{"rendered":"<p><a href=\"http:\/\/www.adventistvalcea.ro\/wp-content\/uploads\/2015\/04\/biserica_fata.jpg\"><img loading=\"lazy\" class=\"alignright wp-image-32 size-medium\" src=\"http:\/\/www.adventistvalcea.ro\/wp-content\/uploads\/2015\/04\/biserica_fata-300x200.jpg\" alt=\"biserica_fata\" width=\"300\" height=\"200\" srcset=\"https:\/\/www.adventistvalcea.ro\/wp-content\/uploads\/2015\/04\/biserica_fata-300x200.jpg 300w, https:\/\/www.adventistvalcea.ro\/wp-content\/uploads\/2015\/04\/biserica_fata.jpg 960w, https:\/\/www.adventistvalcea.ro\/wp-content\/uploads\/2015\/04\/biserica_fata-480x320.jpg 480w, https:\/\/www.adventistvalcea.ro\/wp-content\/uploads\/2015\/04\/biserica_fata-320x213.jpg 320w, https:\/\/www.adventistvalcea.ro\/wp-content\/uploads\/2015\/04\/biserica_fata-240x160.jpg 240w\" sizes=\"(max-width: 300px) 100vw, 300px\" \/><\/a>V\u0103 invit\u0103m s\u0103 c\u0103lca\u021bi pragul Bisericii Adventiste pe parcursul lunii aprilie. Programele \u0219i serviciile divine din luna aceasta sunt bogate, diverse \u0219i se desf\u0103\u0219oar\u0103 la ore accesibile.<!--more--><\/p>\n<p>Ne \u00eenchin\u0103m \u00eempreun\u0103 lui Dumnezeu \u0219i v\u0103 invit\u0103m s\u0103 ne fi\u021bi al\u0103turi \u00een rug\u0103ciune, c\u00e2ntare, ascultarea Evangheliei \u0219i cunoa\u0219terea de Dumnezeu.<\/p>\n<p>Programul \u00eentregii luni poate fi consultat mai jos.<\/p>\n<hr \/>\n<p>&nbsp;<\/p>\n<h4>Sabatul I \u2013 4 aprilie<\/h4>\n<p><strong>Vineri seara<\/strong> (soarele apune: 19:52);<br \/>\nPredic\u0103 (20:00) \u2014 Emanuel Unte\u0219u<\/p>\n<p><strong>S\u00e2mb\u0103t\u0103 diminea\u021ba<\/strong><br \/>\n\u0218coala de sabat (9:00);<br \/>\nPoveste pentru copii \u2014 Larisa Bl\u0103jan;<br \/>\n<span style=\"line-height: 1.5;\">Sf\u00e2nta Cin\u0103 (10:30) \u2014 Emanuel Unte\u0219u<\/span><\/p>\n<p><strong>S\u00e2mb\u0103t\u0103 dup\u0103-amiaza<\/strong> (soarele apune: 19:54);<br \/>\nProgram misionar (17:00)<\/p>\n<p>&nbsp;<\/p>\n<h4>Sabatul II \u2013 11 aprilie<\/h4>\n<p><strong>Vineri seara<\/strong> (soarele apune: 20:01);<br \/>\nPredic\u0103 (20:00) \u2014 Christian S\u0103lcianu<\/p>\n<p><strong>S\u00e2mb\u0103t\u0103 diminea\u021ba<\/strong><br \/>\nDevo\u021bional (9:00) \u2014 Ciprian Soare;<br \/>\n\u0218coala de sabat (9:30)<br \/>\n<span style=\"line-height: 1.5;\">Poveste pentru copii \u2014 Amelia Br\u00eenzan;<br \/>\nPredic\u0103 (11:00) \u2014 Christian S\u0103lcianu<\/span><\/p>\n<p><strong>S\u00e2mb\u0103t\u0103 dup\u0103-amiaza<\/strong> (soarele apune: 20:02);<br \/>\nPrezentare (17:00) \u2014 Program muzical<\/p>\n<p>&nbsp;<\/p>\n<h4>Sabatul III \u2013 18 aprilie<\/h4>\n<p><strong>Vineri seara<\/strong> (soarele apune: 20:09)<br \/>\nPredic\u0103 (20:00) \u2014 Irinel Poenaru<\/p>\n<p><strong>S\u00e2mb\u0103t\u0103 diminea\u021ba<\/strong><br \/>\nDevo\u021bional (9:00) \u2014 Jessica Soare<br \/>\n\u0218coala de sabat (9:30)<br \/>\nPoveste pentru copii \u2014 Diana Jinaru<br \/>\nPredic\u0103 (11:00) \u2014\u00a0Bogdan Jinaru<\/p>\n<p><strong>S\u00e2mb\u0103t\u0103 dup\u0103-amiaza<\/strong> (soarele apune: 20:11)<br \/>\nPredic\u0103 (17:00) \u2014 Valentin U\u021b\u0103<\/p>\n<p>&nbsp;<\/p>\n<h4>Sabatul IV \u2013 25 aprilie<\/h4>\n<p><strong>Vineri seara<\/strong> (soarele apune: 20:19)<br \/>\nPredic\u0103 (20:00) \u2014 Emanuel Unte\u0219u<\/p>\n<p><strong>S\u00e2mb\u0103t\u0103 diminea\u021ba<\/strong><br \/>\nDevo\u021bional (9:00) \u2014 Beatrice Urse<br \/>\n\u0218coala de sabat (9:30)<br \/>\nPoveste pentru copii \u2014 Gabriela Soare<br \/>\nPredic\u0103 (11:00) \u2014 Ioel Dunca<\/p>\n<p><strong>S\u00e2mb\u0103t\u0103 dup\u0103-amiaza<\/strong> (soarele apune: 20:20)<br \/>\nPredic\u0103 (17:00) \u2014 Program de muzic\u0103 instrumental\u0103<\/p>\n<p>&nbsp;<\/p>\n<p>&nbsp;<\/p>\n<p>&nbsp;<\/p>\n<p>&nbsp;<\/p>\n<p>&nbsp;<\/p>\n","protected":false},"excerpt":{"rendered":"<p>V\u0103 invit\u0103m s\u0103 c\u0103lca\u021bi pragul Bisericii Adventiste pe parcursul lunii aprilie. Programele \u0219i serviciile divine din luna aceasta sunt bogate, diverse \u0219i se desf\u0103\u0219oar\u0103 la ore accesibile.<\/p>\n","protected":false},"author":1,"featured_media":0,"comment_status":"closed","ping_status":"closed","sticky":false,"template":"","format":"standard","meta":[],"categories":[2],"tags":[],"_links":{"self":[{"href":"https:\/\/www.adventistvalcea.ro\/index.php?rest_route=\/wp\/v2\/posts\/20"}],"collection":[{"href":"https:\/\/www.adventistvalcea.ro\/index.php?rest_route=\/wp\/v2\/posts"}],"about":[{"href":"https:\/\/www.adventistvalcea.ro\/index.php?rest_route=\/wp\/v2\/types\/post"}],"author":[{"embeddable":true,"href":"https:\/\/www.adventistvalcea.ro\/index.php?rest_route=\/wp\/v2\/users\/1"}],"replies":[{"embeddable":true,"href":"https:\/\/www.adventistvalcea.ro\/index.php?rest_route=%2Fwp%2Fv2%2Fcomments&post=20"}],"version-history":[{"count":42,"href":"https:\/\/www.adventistvalcea.ro\/index.php?rest_route=\/wp\/v2\/posts\/20\/revisions"}],"predecessor-version":[{"id":137,"href":"https:\/\/www.adventistvalcea.ro\/index.php?rest_route=\/wp\/v2\/posts\/20\/revisions\/137"}],"wp:attachment":[{"href":"https:\/\/www.adventistvalcea.ro\/index.php?rest_route=%2Fwp%2Fv2%2Fmedia&parent=20"}],"wp:term":[{"taxonomy":"category","embeddable":true,"href":"https:\/\/www.adventistvalcea.ro\/index.php?rest_route=%2Fwp%2Fv2%2Fcategories&post=20"},{"taxonomy":"post_tag","embeddable":true,"href":"https:\/\/www.adventistvalcea.ro\/index.php?rest_route=%2Fwp%2Fv2%2Ftags&post=20"}],"curies":[{"name":"wp","href":"https:\/\/api.w.org\/{rel}","templated":true}]}}