{"id":173,"date":"2015-05-22T06:45:05","date_gmt":"2015-05-22T06:45:05","guid":{"rendered":"http:\/\/www.adventistvalcea.ro\/?p=173"},"modified":"2015-05-25T02:11:43","modified_gmt":"2015-05-25T02:11:43","slug":"fericirea-blandetii-sau-blandetea-fericita","status":"publish","type":"post","link":"https:\/\/www.adventistvalcea.ro\/?p=173","title":{"rendered":"Fericirea bl\u00e2nde\u0163ii sau bl\u00e2nde\u0163ea fericit\u0103!"},"content":{"rendered":"<p><em><a href=\"http:\/\/www.adventistvalcea.ro\/wp-content\/uploads\/2015\/05\/humility.jpg\"><img loading=\"lazy\" class=\"alignright size-medium wp-image-174\" src=\"http:\/\/www.adventistvalcea.ro\/wp-content\/uploads\/2015\/05\/humility-300x199.jpg\" alt=\"humility\" width=\"300\" height=\"199\" srcset=\"https:\/\/www.adventistvalcea.ro\/wp-content\/uploads\/2015\/05\/humility-300x199.jpg 300w, https:\/\/www.adventistvalcea.ro\/wp-content\/uploads\/2015\/05\/humility.jpg 900w\" sizes=\"(max-width: 300px) 100vw, 300px\" \/><\/a>\u201eFerice de cei bl\u00e2nzi, c\u0103ci ei vor mo\u015fteni p\u0103m\u00e2ntul!\u201d (Matei 5:5).<\/em><\/p>\n<p><em>\u201eCei bl\u00e2nzi mo\u015ftenesc \u0163ara \u015fi au bel\u015fug de pace.\u201d (Psalmii 37:11).<\/em><\/p>\n<p><!--more--><\/p>\n<p>\u00cen logica lumii acesteia, afirma\u0163iile de mai sus, reprezint\u0103 un adev\u0103rat paradox. Cum anume? C\u00e2nd toat\u0103 lumea d\u0103 din coate; caut\u0103 s\u0103 apuce P\u0103m\u00e2ntul; jefuiesc \u0162ara; se bat pentru dreptatea lor, sau, devin agresivi \u00een cele mai obi\u015fnuite lucruri. Unde s\u0103 mai vorbim despre bl\u00e2nde\u0163e? Unde mai este locul ei sau a lor (a celor bl\u00e2nzi)?<\/p>\n<p>Nu, nu se poate; nu are logic\u0103 s\u0103 mai fi, azi, bl\u00e2nd! Nu po\u0163i face nimic; nu po\u0163i rezolva nimic, cu bl\u00e2nde\u0163ea, ni se spune de c\u0103tre orice om din aceast\u0103 lume.<\/p>\n<p>\u015ei totu\u015fi, Isus este bl\u00e2nd \u015fi smerit cu inima. Isus ne \u00eenva\u0163\u0103 \u015fi pe noi s\u0103 fim bl\u00e2nzi. El ne arat\u0103, ne ajut\u0103 \u015fi ne cere s\u0103 fim ca El, pentru c\u0103 numai cei bl\u00e2nzi mo\u015ftenesc p\u0103m\u00e2ntul\u2026<\/p>\n<p>Este posibil ca aici s\u0103 se \u00eemplineasc\u0103 proverbul popular, care zice: \u201eC\u00e2nd doi se ceart\u0103, al treilea c\u00e2\u015ftig\u0103\u201d. C\u00e2nd oamenii se ceart\u0103 nu pot fi \u015fi bl\u00e2nzi, \u00een acela\u015fi timp. A\u015fa c\u0103, de cele mai multe ori, cei doi care se ceart\u0103 \u00ee\u015fi consum\u0103 timpul cu lucruri care nu le dau satisfac\u0163ie. Ei au impresia\u00a0 \u015fi sper\u0103 c\u0103 vor ob\u0163ine satisfac\u0163ie, dar de cele mai multe ori este doar o himer\u0103\u2026<\/p>\n<p>\u00cen schimb, cel bl\u00e2nd \u015fi umil ajunge repede s\u0103 fie mul\u0163umit cu ceea ce are \u015fi aceasta \u00eei umple sufletul de pace. El se poate bucura de ceea ce are \u015fi nu se tulbur\u0103 c\u0103 nu are mai mult; c\u0103 altcineva i-ar fi acaparat \u015fi partea lui!<\/p>\n<p>Luate lucrurile \u00een alt sens, c\u00e2nd reu\u015fe\u015fti sa-\u0163i \u00eenfr\u00e2nezi pornirile, s\u0103-\u0163i controlezi pl\u0103cerile, s\u0103 iube\u015fti pe aproapele ca pe tine \u00eensu\u0163i, te vei umple de pace. Nu po\u0163i explica cum, dar faptele sunt reale. Nu \u015fti cum se produce acest fenomen, dar pacea cuprinde sufletul \u00een mod \u00eembel\u015fugat\u2026<\/p>\n<p>Aceasta-i fericirea bl\u00e2nde\u0163ii, aici \u015fi acum. Dar ea mai are \u015fi un alt sens, pentru atunci \u015fi acolo!<\/p>\n","protected":false},"excerpt":{"rendered":"<p>\u201eFerice de cei bl\u00e2nzi, c\u0103ci ei vor mo\u015fteni p\u0103m\u00e2ntul!\u201d (Matei 5:5). \u201eCei bl\u00e2nzi mo\u015ftenesc \u0163ara \u015fi au bel\u015fug de pace.\u201d (Psalmii 37:11).<\/p>\n","protected":false},"author":1,"featured_media":174,"comment_status":"closed","ping_status":"closed","sticky":false,"template":"","format":"standard","meta":[],"categories":[5],"tags":[],"_links":{"self":[{"href":"https:\/\/www.adventistvalcea.ro\/index.php?rest_route=\/wp\/v2\/posts\/173"}],"collection":[{"href":"https:\/\/www.adventistvalcea.ro\/index.php?rest_route=\/wp\/v2\/posts"}],"about":[{"href":"https:\/\/www.adventistvalcea.ro\/index.php?rest_route=\/wp\/v2\/types\/post"}],"author":[{"embeddable":true,"href":"https:\/\/www.adventistvalcea.ro\/index.php?rest_route=\/wp\/v2\/users\/1"}],"replies":[{"embeddable":true,"href":"https:\/\/www.adventistvalcea.ro\/index.php?rest_route=%2Fwp%2Fv2%2Fcomments&post=173"}],"version-history":[{"count":4,"href":"https:\/\/www.adventistvalcea.ro\/index.php?rest_route=\/wp\/v2\/posts\/173\/revisions"}],"predecessor-version":[{"id":178,"href":"https:\/\/www.adventistvalcea.ro\/index.php?rest_route=\/wp\/v2\/posts\/173\/revisions\/178"}],"wp:featuredmedia":[{"embeddable":true,"href":"https:\/\/www.adventistvalcea.ro\/index.php?rest_route=\/wp\/v2\/media\/174"}],"wp:attachment":[{"href":"https:\/\/www.adventistvalcea.ro\/index.php?rest_route=%2Fwp%2Fv2%2Fmedia&parent=173"}],"wp:term":[{"taxonomy":"category","embeddable":true,"href":"https:\/\/www.adventistvalcea.ro\/index.php?rest_route=%2Fwp%2Fv2%2Fcategories&post=173"},{"taxonomy":"post_tag","embeddable":true,"href":"https:\/\/www.adventistvalcea.ro\/index.php?rest_route=%2Fwp%2Fv2%2Ftags&post=173"}],"curies":[{"name":"wp","href":"https:\/\/api.w.org\/{rel}","templated":true}]}}