{"id":152,"date":"2015-04-30T06:15:57","date_gmt":"2015-04-30T06:15:57","guid":{"rendered":"http:\/\/www.adventistvalcea.ro\/?p=152"},"modified":"2015-05-07T12:35:33","modified_gmt":"2015-05-07T12:35:33","slug":"robul-domnului-bland","status":"publish","type":"post","link":"https:\/\/www.adventistvalcea.ro\/?p=152","title":{"rendered":"Robul Domnului: bl\u00e2nd! (1)"},"content":{"rendered":"<h4><em><a href=\"http:\/\/www.adventistvalcea.ro\/wp-content\/uploads\/2015\/04\/humble-man-post.jpg\"><img loading=\"lazy\" class=\"alignright wp-image-155 size-medium\" src=\"http:\/\/www.adventistvalcea.ro\/wp-content\/uploads\/2015\/04\/humble-man-post-300x194.jpg\" alt=\"humble-man-post\" width=\"300\" height=\"194\" srcset=\"https:\/\/www.adventistvalcea.ro\/wp-content\/uploads\/2015\/04\/humble-man-post-300x194.jpg 300w, https:\/\/www.adventistvalcea.ro\/wp-content\/uploads\/2015\/04\/humble-man-post.jpg 620w\" sizes=\"(max-width: 300px) 100vw, 300px\" \/><\/a>\u201e\u015ei robul Domnului nu trebuie s\u0103 se certe;<br \/>\nci s\u0103 fie bl\u00e2nd cu to\u0163ii, \u00een stare s\u0103 \u00eenve\u0163e pe to\u0163i,<br \/>\nplin de \u00eeng\u0103duin\u0163\u0103 r\u0103bd\u0103toare,<br \/>\ns\u0103 \u00eendrepte cu bl\u00e2nde\u0163e pe potrivnici.\u201d<br \/>\n(2 Timotei 2:24,25)<\/em><\/h4>\n<p><!--more--><\/p>\n<p>Printre sfaturile pe care le d\u0103 apostolul Pavel lui Timotei se g\u0103se\u015fte \u015fi acesta, de a fi bl\u00e2nd, \u015fi chiar mai mult, de a \u00eenv\u0103\u0163a \u015fi pe al\u0163ii bl\u00e2nde\u0163ea. Aceast\u0103 caracteristic\u0103, foarte important\u0103 pentru cre\u015ftini, arat\u0103 cat de mult un ucenic se aseam\u0103n\u0103 cu Maestrul s\u0103u, Isus Hristos. Iar din acest punct de vedere bl\u00e2nde\u0163ea poate fi privit\u0103 ca un cumul de alte virtu\u0163i care se manifest\u0103 \u00een via\u0163a tr\u0103it\u0103 de ucenic, \u00een mijlocul oamenilor, dar mai ales \u00een rela\u0163ie cu ceilal\u0163i ucenici sau fra\u0163i de credin\u0163\u0103.<\/p>\n<p>Cazul lui Timotei, este cazul ucenicului chemat s\u0103 fie conduc\u0103tor \u00een Biseric\u0103. De\u015fi, din fire, Timotei pare a avea un temperament mai lini\u015ftit, mai bl\u00e2nd, ceea ce \u00eel recomand\u0103 pentru pozi\u0163ia de slujba\u015f \u00een Biseric\u0103, totu\u015fi, Pavel \u00eel aten\u0163ioneaz\u0103 asupra pericolului de a deveni mai vehement dec\u00e2t este necesar. Situa\u0163iile stresante \u015fi provocatoare prin care trece un slujba\u015f, \u00eel pot \u00eempinge uneori s\u0103 nu se comporte cu bl\u00e2nde\u0163e, fa\u0163\u0103 de cei care gre\u015fesc sau cei care se \u00eempotrivesc voit ordinii din poporul lui Dumnezeu.<\/p>\n<p>Ne putem aduce aminte de Moise, robul Domnului, \u00een misiunea grea la care a fost chemat de a conduce pe Israel \u00een Canaan. Despre el se men\u0163ioneaz\u0103 c\u0103, \u201eera cel mai bl\u00e2nd om de pe p\u0103m\u00e2nt\u201d, \u015fi cu toate acestea presiunea \u015fi stresul \u00eendelungat l-au obosit \u015fi \u00eentr-un moment delicat, ispitirea a fost foarte puternic\u0103 iar Moise a r\u0103spuns cu nervozitate \u015fi a ac\u0163ionat pripit, ceea ce la costat intrarea \u00een Canaan al\u0103turi de poporul pentru care s-a sacrificat. Nu avem dreptul, c\u00e2tu\u015fi de pu\u0163in, s\u0103 vorbim condamnator la adresa lui Moise, ci s\u0103 \u00eencerc\u0103m s\u0103 fim bl\u00e2nzi, \u00een orice \u00eemprejurare, cel pu\u0163in at\u00e2t c\u00e2t a fost Moise \u015fi vom vedea atunci cum func\u0163ioneaz\u0103 lucrurile\u2026!<\/p>\n","protected":false},"excerpt":{"rendered":"<p>\u201e\u015ei robul Domnului nu trebuie s\u0103 se certe; ci s\u0103 fie bl\u00e2nd cu to\u0163ii, \u00een stare s\u0103 \u00eenve\u0163e pe to\u0163i, plin de \u00eeng\u0103duin\u0163\u0103 r\u0103bd\u0103toare, s\u0103 \u00eendrepte cu bl\u00e2nde\u0163e pe potrivnici.\u201d (2 Timotei 2:24,25)<\/p>\n","protected":false},"author":1,"featured_media":155,"comment_status":"closed","ping_status":"closed","sticky":false,"template":"","format":"standard","meta":[],"categories":[5],"tags":[],"_links":{"self":[{"href":"https:\/\/www.adventistvalcea.ro\/index.php?rest_route=\/wp\/v2\/posts\/152"}],"collection":[{"href":"https:\/\/www.adventistvalcea.ro\/index.php?rest_route=\/wp\/v2\/posts"}],"about":[{"href":"https:\/\/www.adventistvalcea.ro\/index.php?rest_route=\/wp\/v2\/types\/post"}],"author":[{"embeddable":true,"href":"https:\/\/www.adventistvalcea.ro\/index.php?rest_route=\/wp\/v2\/users\/1"}],"replies":[{"embeddable":true,"href":"https:\/\/www.adventistvalcea.ro\/index.php?rest_route=%2Fwp%2Fv2%2Fcomments&post=152"}],"version-history":[{"count":7,"href":"https:\/\/www.adventistvalcea.ro\/index.php?rest_route=\/wp\/v2\/posts\/152\/revisions"}],"predecessor-version":[{"id":163,"href":"https:\/\/www.adventistvalcea.ro\/index.php?rest_route=\/wp\/v2\/posts\/152\/revisions\/163"}],"wp:featuredmedia":[{"embeddable":true,"href":"https:\/\/www.adventistvalcea.ro\/index.php?rest_route=\/wp\/v2\/media\/155"}],"wp:attachment":[{"href":"https:\/\/www.adventistvalcea.ro\/index.php?rest_route=%2Fwp%2Fv2%2Fmedia&parent=152"}],"wp:term":[{"taxonomy":"category","embeddable":true,"href":"https:\/\/www.adventistvalcea.ro\/index.php?rest_route=%2Fwp%2Fv2%2Fcategories&post=152"},{"taxonomy":"post_tag","embeddable":true,"href":"https:\/\/www.adventistvalcea.ro\/index.php?rest_route=%2Fwp%2Fv2%2Ftags&post=152"}],"curies":[{"name":"wp","href":"https:\/\/api.w.org\/{rel}","templated":true}]}}